[{"@context":"https:\/\/schema.org\/","@type":"Article","@id":"https:\/\/www.seros.cz\/tisic-vyuziti\/#Article","mainEntityOfPage":"https:\/\/www.seros.cz\/tisic-vyuziti\/","headline":"Tis\u00edc vyu\u017eit\u00ed","name":"Tis\u00edc vyu\u017eit\u00ed","description":"Plastov\u00e9 kontejnery se nej\u010dast\u011bji pou\u017e\u00edvaj\u00ed v potravin\u00e1\u0159sk\u00e9m pr\u016fmyslu a taky se s nimi setk\u00e1v\u00e1me d\u00e1 se \u0159\u00edci denn\u011b. Je v nich ulo\u017een\u00e1 zelenina a ovoce. V\u0161echno tak vypad\u00e1 v obchodech \u00fahledn\u011b a vy si tak sv\u00e9 zbo\u017e\u00ed lehce vybrat. Nav\u00edc maj\u00ed perfektn\u00ed rozm\u011bry https:\/\/www.vaseoptika.cz\/jak-cist-rozmery-obrub a jejich hmotnost je celkem mal\u00e1, tak\u017ee se m\u016f\u017eou d\u00e1t do&hellip; ","datePublished":"2022-09-11","dateModified":"2022-09-11","author":{"@type":"Person","@id":"https:\/\/www.seros.cz\/author\/#Person","name":"","url":"https:\/\/www.seros.cz\/author\/","identifier":1,"image":{"@type":"ImageObject","@id":"https:\/\/secure.gravatar.com\/avatar\/15c4177f6d86975c976af12ba80b10af7add2f97f8786f8cf1596253472c0ea7?s=96&d=mm&r=g","url":"https:\/\/secure.gravatar.com\/avatar\/15c4177f6d86975c976af12ba80b10af7add2f97f8786f8cf1596253472c0ea7?s=96&d=mm&r=g","height":96,"width":96}},"publisher":{"@type":"Organization","name":"seros.cz","logo":{"@type":"ImageObject","@id":"\/logo.png","url":"\/logo.png","width":600,"height":60}},"image":{"@type":"ImageObject","@id":"https:\/\/www.seros.cz\/wp-content\/uploads\/obrazek_29.jpg","url":"https:\/\/www.seros.cz\/wp-content\/uploads\/obrazek_29.jpg","height":0,"width":0},"url":"https:\/\/www.seros.cz\/tisic-vyuziti\/","about":["Spole\u010dnosti"],"wordCount":447,"articleBody":"         Plastov\u00e9 kontejnery se nej\u010dast\u011bji pou\u017e\u00edvaj\u00ed v potravin\u00e1\u0159sk\u00e9m pr\u016fmyslu a taky se s nimi setk\u00e1v\u00e1me d\u00e1 se \u0159\u00edci denn\u011b. Je v nich ulo\u017een\u00e1 zelenina a ovoce. V\u0161echno tak vypad\u00e1 v obchodech \u00fahledn\u011b a vy si tak sv\u00e9 zbo\u017e\u00ed lehce vybrat. Nav\u00edc maj\u00ed perfektn\u00ed rozm\u011bry  https:\/\/www.vaseoptika.cz\/jak-cist-rozmery-obrub a jejich hmotnost je celkem mal\u00e1, tak\u017ee se m\u016f\u017eou d\u00e1t do reg\u00e1lu a nebo v\u00edce pater na sebe. Samoz\u0159ejm\u011b je nemus\u00edte vid\u011bt jen v obchodech, ale taky si mysl\u00edm, \u017ee by se v\u00e1m mohli hodit t\u0159eba i doma. Vyu\u017e\u00edt je jako \u00falo\u017en\u00e9 m\u00edsto pro va\u0161e potraviny nap\u0159\u00edklad ve spi\u017e\u00edrn\u011b, nebo je m\u016f\u017eete um\u00edstit i do sklepa. Vybrat si m\u016f\u017eete z r\u016fzn\u00fdch barev a taky hlavn\u011b i s objemu. N\u011bkter\u00e9 takov\u00e9 kontejnery m\u016f\u017eete po\u0159\u00eddit a\u017e s objemem cca 800l.Nemus\u00ed v\u00e1m slou\u017eit pouze jen na potraviny, ale m\u016f\u017eete je vyu\u017e\u00edt i \u00fapln\u011b jinak, podle toho jak se v\u00e1m budou hodit. Ale ur\u010dit\u011b se mus\u00edte taky d\u00edvat kolik toho takov\u00fd kontejner unese, aby jste ho nepo\u0161kodili. Zde v\u00e1m p\u0159\u00edmo poslou\u017e\u00ed str\u00e1nka kde si m\u016f\u017eete sv\u00e9 plastov\u00e9 kontejnery vybrat. V\u0161e se zde o nich dozv\u00edte. Nejv\u00edce v\u00e1s budou zaj\u00edmat rozm\u011bry kontejner\u016f, jak\u00fd maj\u00ed asi tak celkov\u00fd objem, aby se do nich ve\u0161lo co nejv\u00edce a hlavn\u011b jakou velikou z\u00e1t\u011b\u017e tam m\u016f\u017eete d\u00e1t. Taky se zde dozv\u00edte na co se kontejnery daj\u00ed pou\u017e\u00edt. Zda jen na potraviny a nebo taky a n\u011bco \u00fapln\u011b jin\u00e9ho. Proto je dobr\u00e9 si o kontejnerech n\u011bco zjistit ne\u017e si n\u011bjak\u00fd po\u0159\u00edd\u00edte jak se \u0159\u00edk\u00e1 na slepo. Nejlep\u0161\u00ed v\u011bc na plastov\u00fdch kontejnerech je tak, \u017ee perfektn\u011b do sebe zapadaj\u00ed a tak se nemus\u00edte b\u00e1t, \u017ee v\u00e1m zaberou opravdu hodn\u011b m\u00edsta. Nav\u00edc v\u00e1m d\u00edky kvalitn\u00ed zpracov\u00e1n\u00edm a pevn\u00e9ho materi\u00e1lu m\u016f\u017eou vydr\u017eet i n\u011bkolik let. Ale op\u011bt z\u00e1le\u017e\u00ed samoz\u0159ejm\u011b jak se k nim i vy budete chovat. Je jasn\u00e9 kdy\u017e je n\u011bkde budu h\u00e1zet, tak se m\u016f\u017ee st\u00e1t \u017ee plast nevydr\u017e\u00ed a tedy \u0161patnou manipulac\u00ed m\u016f\u017ee prasknut. A jak je to s \u010di\u0161t\u011bn\u00edm? O to si starost taky d\u011blat nemus\u00edte. Nebude to \u017e\u00e1dn\u00e1 n\u00e1maha. Kontejnery jsou omyvateln\u00e9, tak\u017ee sta\u010d\u00ed vz\u00edt kybl\u00edk s vodou a kontejnery vy\u010distit.                                                                                                                                                                                                                                                                                                                                                                                           5\/5 - (4 votes)        "},{"@context":"https:\/\/schema.org\/","@type":"BreadcrumbList","itemListElement":[{"@type":"ListItem","position":1,"name":"Tis\u00edc vyu\u017eit\u00ed","item":"https:\/\/www.seros.cz\/tisic-vyuziti\/#breadcrumbitem"}]}]